{"id":459,"date":"2023-05-24T11:36:34","date_gmt":"2023-05-24T11:36:34","guid":{"rendered":"https:\/\/julianabelodiniz.com.br\/blog\/?p=459"},"modified":"2023-05-30T13:36:06","modified_gmt":"2023-05-30T13:36:06","slug":"a-pilula-da-inteligencia","status":"publish","type":"post","link":"https:\/\/julianabelodiniz.com.br\/blog\/index.php\/2023\/05\/24\/a-pilula-da-inteligencia\/","title":{"rendered":"A p\u00edlula da intelig\u00eancia"},"content":{"rendered":"\n<p><\/p>\n\n\n\n<p>E se existisse uma p\u00edlula da intelig\u00eancia? Uma droga capaz de turbinar nossa mem\u00f3ria e nossa capacidade de racioc\u00ednio, a ponto de melhorar nosso desempenho em uma prova ou teste. Quais seriam as implica\u00e7\u00f5es \u00e9ticas de usar essa subst\u00e2ncia? Numa prova de vestibular, por exemplo, seria justo que alguns candidatos com maior poder aquisitivo tivessem acesso a essa subst\u00e2ncia, mas n\u00e3o os demais? Seria ent\u00e3o leg\u00edtimo que o custo dessa droga fosse coberto pelos sistemas de sa\u00fade? Ou o uso desse recurso seria considerado trapa\u00e7a?<\/p>\n\n\n\n<p>Na d\u00e9cada de 1990, no auge da euforia com o lan\u00e7amento de novos antidepressivos, que vendiam como \u00e1gua, o psiquiatra americano <a href=\"https:\/\/en.wikipedia.org\/wiki\/Peter_D._Kramer\" target=\"_blank\" rel=\"noreferrer noopener\">Peter Krame<\/a>r cunhou o termo \u201cPsiquiatria Cosm\u00e9tica\u201d para se referir ao potencial uso de rem\u00e9dios psiqui\u00e1tricos como um meio para nos transformar em seres humanos mais capazes, indo muito al\u00e9m do tratamento de doen\u00e7as emocionais.<\/p>\n\n\n\n<p>Esse termo apareceu no livro de Kramer \u201c<a href=\"https:\/\/en.wikipedia.org\/wiki\/Listening_to_Prozac\" target=\"_blank\" rel=\"noreferrer noopener\">Ouvindo Prozac<\/a>,\u201d publicado pela primeira vez em junho de 1993. O livro em si n\u00e3o era sobre o uso cosm\u00e9tico de antidepressivos, mas apresentava essa quest\u00e3o, constru\u00edda a partir das observa\u00e7\u00f5es do psiquiatra. Ele percebeu que alguns pacientes n\u00e3o queriam interromper o uso de antidepressivos mesmo ap\u00f3s estarem melhor da depress\u00e3o, por sentirem que esses rem\u00e9dios os haviam transformado em pessoas mais seguras.<\/p>\n\n\n\n<p>Hoje, est\u00e1 claro que os rem\u00e9dios que bateram recordes de vendas na d\u00e9cada de 1990 s\u00e3o mais limitados do que a euforia inicial permitiu antecipar; definitivamente, n\u00e3o servem para serem usados no formato cosm\u00e9tico. Eles funcionam como antidepressivos, mas n\u00e3o transformam as pessoas em seres com habilidades especiais. A confus\u00e3o em rela\u00e7\u00e3o a sensa\u00e7\u00e3o de seguran\u00e7a havia surgido, na verdade, de uma melhora de sintomas de ansiedade.<\/p>\n\n\n\n<p>No entanto, o termo \u201cPsiquiatria Cosm\u00e9tica\u201d, cunhado por Kramer, talvez nunca tenha sido t\u00e3o adequado como para descrever algumas tend\u00eancias da Psiquiatria atual. Um uso de rem\u00e9dios psiqui\u00e1tricos n\u00e3o para melhorar de sintomas emocionais, mas sim para que seja poss\u00edvel n\u00e3o se abalar com fatores como a sobrecarga de informa\u00e7\u00e3o, a press\u00e3o social, o excesso de trabalho e as falhas da mem\u00f3ria e de aten\u00e7\u00e3o.<\/p>\n\n\n\n<p>Alguns rem\u00e9dios psiqui\u00e1tricos s\u00e3o prescritos para funcionar como bot\u00f5es de ligar e desligar para acordar e para dormir, tornando os pacientes (precariamente) imunes \u00e0s press\u00f5es da vida moderna. Mais: no imagin\u00e1rio popular, algumas dessas drogas psiqui\u00e1tricas est\u00e3o sendo descritas como sendo capazes de aperfei\u00e7oar o desempenho cognitivo e melhorar os resultados em provas e concursos.<\/p>\n\n\n\n<p>A fantasia de que \u00e9 poss\u00edvel criar p\u00edlulas da intelig\u00eancia n\u00e3o \u00e9 nenhuma novidade. O que existe de novo \u00e9 a participa\u00e7\u00e3o da Psiquiatria nessa fantasia, talvez at\u00e9 de forma ingenuamente bem-intencionada. Afinal, como algu\u00e9m pode questionar uma tentativa de atender \u00e0 demanda de quem se se sente perdendo no jogo da vida? Se algu\u00e9m procura um profissional m\u00e9dico porque tem dificuldade para ficar mais horas estudando ou tem dificuldade de recordar temas que podem cair em algum teste, por que n\u00e3o vamos nos prontificar a ajudar? Os psiquiatras, afinal de contas, n\u00e3o est\u00e3o aqui exatamente para ajudar as pessoas com esse tipo de demanda?<\/p>\n\n\n\n<p>Sem d\u00favida n\u00f3s, psiquiatras, estamos aqui para ajudar, mas isso n\u00e3o quer dizer que somos capazes de superar as limita\u00e7\u00f5es humanas ou reverter os efeitos de um mundo hiperveloz, hiperconectado e carente de contatos f\u00edsicos genu\u00ednos.<\/p>\n\n\n\n<p>Infelizmente, a p\u00edlula da intelig\u00eancia n\u00e3o existe.<\/p>\n\n\n\n<p>Drogas apontadas como revolucion\u00e1rias, como a modafinila e a lisdexanfetamina, por exemplo, n\u00e3o melhoram nossas capacidades cognitivas muito mais do que a velha e boa cafe\u00edna. E uma x\u00edcara de caf\u00e9 n\u00e3o faz algu\u00e9m se destacar em uma prova a ponto de ser considerada doping. O diferencial real da lisdexanfetamina frente ao caf\u00e9, na verdade, \u00e9 provocar uma sensa\u00e7\u00e3o de sermos muito capazes. O que, sim &#8211; em alguns momentos -, pode at\u00e9 ser ben\u00e9fico.<\/p>\n\n\n\n<p>Sem d\u00favida, h\u00e1 usos leg\u00edtimos da lisdexanfetamina, mais conhecida pelo seu nome comercial: Venvanse. Mas esse fato n\u00e3o exime o questionamento sobre a prescri\u00e7\u00e3o de uma anfetamina poderosa em quantidades cada vez maiores.<\/p>\n\n\n\n<p>Desde o seu lan\u00e7amento, a comercializa\u00e7\u00e3o do Venvanse bate recordes de vendas. Em 2011, foram vendidas cerca de 11 mil caixas de Venvanse; no ano seguinte, essa quantidade j\u00e1 pulou para 51 mil unidades &#8211; e segue aumentando desde ent\u00e3o. Os \u00faltimos dados disponibilizados pela Anvisa mostram que, em 2021, foram comercializadas 796 mil caixas. No total, entre 2014 e 2021, o aumento de prescri\u00e7\u00f5es de Venvanse superou 500%. No mesmo per\u00edodo, concorrentes tradicionais, como Ritalina, Concerta e Ritalina LA, registraram aumento de 50%.<\/p>\n\n\n\n<p>Talvez ent\u00e3o seja hora de mudar nossas perguntas. Ao inv\u00e9s de nos questionarmos quais as implica\u00e7\u00f5es \u00e9ticas de uma p\u00edlula da intelig\u00eancia, precisamos pensar o que significa esse crescimento exponencial nas vendas de uma anfetamina potente. Um estimulante que promete &#8211; mas n\u00e3o entrega &#8211; mais capacidade em um mundo acelerado, que n\u00e3o cessa de nos trazer informa\u00e7\u00f5es dizendo que, supostamente, a vida das outros \u00e9 sempre mais divertida, produtiva e rica do que a nossa. Qual ser\u00e1 a nossa verdadeira doen\u00e7a?<\/p>\n\n\n\n<figure class=\"wp-block-image size-full\"><img loading=\"lazy\" decoding=\"async\" width=\"814\" height=\"792\" src=\"https:\/\/julianabelodiniz.com.br\/blog\/wp-content\/uploads\/2023\/05\/Imagem-de-Matrizes-progressivas-de-Raven.png\" alt=\"\" class=\"wp-image-460\"\/><figcaption class=\"wp-element-caption\">Imagem de Matrizes progressivas de Raven, um tipo de teste de QI<\/figcaption><\/figure>\n","protected":false},"excerpt":{"rendered":"<p>A busca por uma p\u00edlula capaz de aumentar o nosso desempenho cognitivo e garantir que sejamos atentos n\u00e3o \u00e9 novidade. A participa\u00e7\u00e3o da Psiquiatria nessa busca, no entanto, nunca foi t\u00e3o explicita quanto hoje. <\/p>\n","protected":false},"author":2,"featured_media":460,"comment_status":"open","ping_status":"open","sticky":false,"template":"","format":"standard","meta":{"footnotes":""},"categories":[18],"tags":[25,24,27,26],"class_list":["post-459","post","type-post","status-publish","format-standard","has-post-thumbnail","hentry","category-texto-de-opiniao","tag-inteligencia","tag-lisdexanfetamina","tag-psiquiatria-cosmetica","tag-remedios-psiquiatricos"],"yoast_head":"<!-- This site is optimized with the Yoast SEO plugin v21.9.1 - https:\/\/yoast.com\/wordpress\/plugins\/seo\/ -->\n<title>A p\u00edlula da intelig\u00eancia -<\/title>\n<meta name=\"robots\" content=\"index, follow, max-snippet:-1, max-image-preview:large, max-video-preview:-1\" \/>\n<link rel=\"canonical\" href=\"https:\/\/julianabelodiniz.com.br\/blog\/index.php\/2023\/05\/24\/a-pilula-da-inteligencia\/\" \/>\n<meta property=\"og:locale\" content=\"pt_BR\" \/>\n<meta property=\"og:type\" content=\"article\" \/>\n<meta property=\"og:title\" content=\"A p\u00edlula da intelig\u00eancia -\" \/>\n<meta property=\"og:description\" content=\"A busca por uma p\u00edlula capaz de aumentar o nosso desempenho cognitivo e garantir que sejamos atentos n\u00e3o \u00e9 novidade. A participa\u00e7\u00e3o da Psiquiatria nessa busca, no entanto, nunca foi t\u00e3o explicita quanto hoje.\" \/>\n<meta property=\"og:url\" content=\"https:\/\/julianabelodiniz.com.br\/blog\/index.php\/2023\/05\/24\/a-pilula-da-inteligencia\/\" \/>\n<meta property=\"article:published_time\" content=\"2023-05-24T11:36:34+00:00\" \/>\n<meta property=\"article:modified_time\" content=\"2023-05-30T13:36:06+00:00\" \/>\n<meta property=\"og:image\" content=\"https:\/\/julianabelodiniz.com.br\/blog\/wp-content\/uploads\/2023\/05\/Imagem-de-Matrizes-progressivas-de-Raven.png\" \/>\n\t<meta property=\"og:image:width\" content=\"814\" \/>\n\t<meta property=\"og:image:height\" content=\"792\" \/>\n\t<meta property=\"og:image:type\" content=\"image\/png\" \/>\n<meta name=\"author\" content=\"adm_Julianabelodiniz\" \/>\n<meta name=\"twitter:card\" content=\"summary_large_image\" \/>\n<meta name=\"twitter:label1\" content=\"Escrito por\" \/>\n\t<meta name=\"twitter:data1\" content=\"adm_Julianabelodiniz\" \/>\n\t<meta name=\"twitter:label2\" content=\"Est. tempo de leitura\" \/>\n\t<meta name=\"twitter:data2\" content=\"5 minutos\" \/>\n<script type=\"application\/ld+json\" class=\"yoast-schema-graph\">{\"@context\":\"https:\/\/schema.org\",\"@graph\":[{\"@type\":\"WebPage\",\"@id\":\"https:\/\/julianabelodiniz.com.br\/blog\/index.php\/2023\/05\/24\/a-pilula-da-inteligencia\/\",\"url\":\"https:\/\/julianabelodiniz.com.br\/blog\/index.php\/2023\/05\/24\/a-pilula-da-inteligencia\/\",\"name\":\"A p\u00edlula da intelig\u00eancia -\",\"isPartOf\":{\"@id\":\"https:\/\/julianabelodiniz.com.br\/blog\/#website\"},\"datePublished\":\"2023-05-24T11:36:34+00:00\",\"dateModified\":\"2023-05-30T13:36:06+00:00\",\"author\":{\"@id\":\"https:\/\/julianabelodiniz.com.br\/blog\/#\/schema\/person\/aeab71997fe011fc8c8fab24d26b4c2a\"},\"breadcrumb\":{\"@id\":\"https:\/\/julianabelodiniz.com.br\/blog\/index.php\/2023\/05\/24\/a-pilula-da-inteligencia\/#breadcrumb\"},\"inLanguage\":\"pt-BR\",\"potentialAction\":[{\"@type\":\"ReadAction\",\"target\":[\"https:\/\/julianabelodiniz.com.br\/blog\/index.php\/2023\/05\/24\/a-pilula-da-inteligencia\/\"]}]},{\"@type\":\"BreadcrumbList\",\"@id\":\"https:\/\/julianabelodiniz.com.br\/blog\/index.php\/2023\/05\/24\/a-pilula-da-inteligencia\/#breadcrumb\",\"itemListElement\":[{\"@type\":\"ListItem\",\"position\":1,\"name\":\"In\u00edcio\",\"item\":\"https:\/\/julianabelodiniz.com.br\/blog\/\"},{\"@type\":\"ListItem\",\"position\":2,\"name\":\"A p\u00edlula da intelig\u00eancia\"}]},{\"@type\":\"WebSite\",\"@id\":\"https:\/\/julianabelodiniz.com.br\/blog\/#website\",\"url\":\"https:\/\/julianabelodiniz.com.br\/blog\/\",\"name\":\"\",\"description\":\"\",\"potentialAction\":[{\"@type\":\"SearchAction\",\"target\":{\"@type\":\"EntryPoint\",\"urlTemplate\":\"https:\/\/julianabelodiniz.com.br\/blog\/?s={search_term_string}\"},\"query-input\":\"required name=search_term_string\"}],\"inLanguage\":\"pt-BR\"},{\"@type\":\"Person\",\"@id\":\"https:\/\/julianabelodiniz.com.br\/blog\/#\/schema\/person\/aeab71997fe011fc8c8fab24d26b4c2a\",\"name\":\"adm_Julianabelodiniz\",\"image\":{\"@type\":\"ImageObject\",\"inLanguage\":\"pt-BR\",\"@id\":\"https:\/\/julianabelodiniz.com.br\/blog\/#\/schema\/person\/image\/\",\"url\":\"https:\/\/secure.gravatar.com\/avatar\/f6a8c33a6baa46df1ebc13bfa3fde6452f9a8688f6fb026fb2565b8755b912dd?s=96&d=mm&r=g\",\"contentUrl\":\"https:\/\/secure.gravatar.com\/avatar\/f6a8c33a6baa46df1ebc13bfa3fde6452f9a8688f6fb026fb2565b8755b912dd?s=96&d=mm&r=g\",\"caption\":\"adm_Julianabelodiniz\"},\"url\":\"https:\/\/julianabelodiniz.com.br\/blog\/index.php\/author\/adm_julianabelodiniz\/\"}]}<\/script>\n<!-- \/ Yoast SEO plugin. -->","yoast_head_json":{"title":"A p\u00edlula da intelig\u00eancia -","robots":{"index":"index","follow":"follow","max-snippet":"max-snippet:-1","max-image-preview":"max-image-preview:large","max-video-preview":"max-video-preview:-1"},"canonical":"https:\/\/julianabelodiniz.com.br\/blog\/index.php\/2023\/05\/24\/a-pilula-da-inteligencia\/","og_locale":"pt_BR","og_type":"article","og_title":"A p\u00edlula da intelig\u00eancia -","og_description":"A busca por uma p\u00edlula capaz de aumentar o nosso desempenho cognitivo e garantir que sejamos atentos n\u00e3o \u00e9 novidade. A participa\u00e7\u00e3o da Psiquiatria nessa busca, no entanto, nunca foi t\u00e3o explicita quanto hoje.","og_url":"https:\/\/julianabelodiniz.com.br\/blog\/index.php\/2023\/05\/24\/a-pilula-da-inteligencia\/","article_published_time":"2023-05-24T11:36:34+00:00","article_modified_time":"2023-05-30T13:36:06+00:00","og_image":[{"width":814,"height":792,"url":"https:\/\/julianabelodiniz.com.br\/blog\/wp-content\/uploads\/2023\/05\/Imagem-de-Matrizes-progressivas-de-Raven.png","type":"image\/png"}],"author":"adm_Julianabelodiniz","twitter_card":"summary_large_image","twitter_misc":{"Escrito por":"adm_Julianabelodiniz","Est. tempo de leitura":"5 minutos"},"schema":{"@context":"https:\/\/schema.org","@graph":[{"@type":"WebPage","@id":"https:\/\/julianabelodiniz.com.br\/blog\/index.php\/2023\/05\/24\/a-pilula-da-inteligencia\/","url":"https:\/\/julianabelodiniz.com.br\/blog\/index.php\/2023\/05\/24\/a-pilula-da-inteligencia\/","name":"A p\u00edlula da intelig\u00eancia -","isPartOf":{"@id":"https:\/\/julianabelodiniz.com.br\/blog\/#website"},"datePublished":"2023-05-24T11:36:34+00:00","dateModified":"2023-05-30T13:36:06+00:00","author":{"@id":"https:\/\/julianabelodiniz.com.br\/blog\/#\/schema\/person\/aeab71997fe011fc8c8fab24d26b4c2a"},"breadcrumb":{"@id":"https:\/\/julianabelodiniz.com.br\/blog\/index.php\/2023\/05\/24\/a-pilula-da-inteligencia\/#breadcrumb"},"inLanguage":"pt-BR","potentialAction":[{"@type":"ReadAction","target":["https:\/\/julianabelodiniz.com.br\/blog\/index.php\/2023\/05\/24\/a-pilula-da-inteligencia\/"]}]},{"@type":"BreadcrumbList","@id":"https:\/\/julianabelodiniz.com.br\/blog\/index.php\/2023\/05\/24\/a-pilula-da-inteligencia\/#breadcrumb","itemListElement":[{"@type":"ListItem","position":1,"name":"In\u00edcio","item":"https:\/\/julianabelodiniz.com.br\/blog\/"},{"@type":"ListItem","position":2,"name":"A p\u00edlula da intelig\u00eancia"}]},{"@type":"WebSite","@id":"https:\/\/julianabelodiniz.com.br\/blog\/#website","url":"https:\/\/julianabelodiniz.com.br\/blog\/","name":"","description":"","potentialAction":[{"@type":"SearchAction","target":{"@type":"EntryPoint","urlTemplate":"https:\/\/julianabelodiniz.com.br\/blog\/?s={search_term_string}"},"query-input":"required name=search_term_string"}],"inLanguage":"pt-BR"},{"@type":"Person","@id":"https:\/\/julianabelodiniz.com.br\/blog\/#\/schema\/person\/aeab71997fe011fc8c8fab24d26b4c2a","name":"adm_Julianabelodiniz","image":{"@type":"ImageObject","inLanguage":"pt-BR","@id":"https:\/\/julianabelodiniz.com.br\/blog\/#\/schema\/person\/image\/","url":"https:\/\/secure.gravatar.com\/avatar\/f6a8c33a6baa46df1ebc13bfa3fde6452f9a8688f6fb026fb2565b8755b912dd?s=96&d=mm&r=g","contentUrl":"https:\/\/secure.gravatar.com\/avatar\/f6a8c33a6baa46df1ebc13bfa3fde6452f9a8688f6fb026fb2565b8755b912dd?s=96&d=mm&r=g","caption":"adm_Julianabelodiniz"},"url":"https:\/\/julianabelodiniz.com.br\/blog\/index.php\/author\/adm_julianabelodiniz\/"}]}},"_links":{"self":[{"href":"https:\/\/julianabelodiniz.com.br\/blog\/index.php\/wp-json\/wp\/v2\/posts\/459","targetHints":{"allow":["GET"]}}],"collection":[{"href":"https:\/\/julianabelodiniz.com.br\/blog\/index.php\/wp-json\/wp\/v2\/posts"}],"about":[{"href":"https:\/\/julianabelodiniz.com.br\/blog\/index.php\/wp-json\/wp\/v2\/types\/post"}],"author":[{"embeddable":true,"href":"https:\/\/julianabelodiniz.com.br\/blog\/index.php\/wp-json\/wp\/v2\/users\/2"}],"replies":[{"embeddable":true,"href":"https:\/\/julianabelodiniz.com.br\/blog\/index.php\/wp-json\/wp\/v2\/comments?post=459"}],"version-history":[{"count":5,"href":"https:\/\/julianabelodiniz.com.br\/blog\/index.php\/wp-json\/wp\/v2\/posts\/459\/revisions"}],"predecessor-version":[{"id":466,"href":"https:\/\/julianabelodiniz.com.br\/blog\/index.php\/wp-json\/wp\/v2\/posts\/459\/revisions\/466"}],"wp:featuredmedia":[{"embeddable":true,"href":"https:\/\/julianabelodiniz.com.br\/blog\/index.php\/wp-json\/wp\/v2\/media\/460"}],"wp:attachment":[{"href":"https:\/\/julianabelodiniz.com.br\/blog\/index.php\/wp-json\/wp\/v2\/media?parent=459"}],"wp:term":[{"taxonomy":"category","embeddable":true,"href":"https:\/\/julianabelodiniz.com.br\/blog\/index.php\/wp-json\/wp\/v2\/categories?post=459"},{"taxonomy":"post_tag","embeddable":true,"href":"https:\/\/julianabelodiniz.com.br\/blog\/index.php\/wp-json\/wp\/v2\/tags?post=459"}],"curies":[{"name":"wp","href":"https:\/\/api.w.org\/{rel}","templated":true}]}}